{"id":1246,"date":"2021-01-28T15:57:41","date_gmt":"2021-01-28T13:57:41","guid":{"rendered":"https:\/\/www.inderach.com\/?p=1246"},"modified":"2021-02-13T16:40:18","modified_gmt":"2021-02-13T14:40:18","slug":"la-biocultura-revitalitza-el-primer-sector-2","status":"publish","type":"post","link":"https:\/\/www.inderach.com\/cast\/2021\/01\/28\/la-biocultura-revitalitza-el-primer-sector-2\/","title":{"rendered":"La biocultura revitalitza el primer sector"},"content":{"rendered":"\n<p>\ud83d\udd1d La producci\u00f3 ecol\u00f2gica ha crescut un 10% anual i de forma sostinguda els \u00faltims anys. Cada vegada hi ha m\u00e9s consumidors conscienciats amb l&#8217;alimentaci\u00f3 i el consum de productes naturals i sostenibles.<\/p>\n\n\n\n<p>\ud83c\udf7d\ufe0fDes d&#8217;Inderach tamb\u00e9 hi hem posat el nostre granet de sorra amb llegums (<a href=\"https:\/\/www.inderach.com\/llegums-ecologics\/\" data-type=\"page\" data-id=\"249\">cigrons, llenties i mongetes<\/a>) ecol\u00f2gics i certificats pel <a href=\"http:\/\/www.ccpae.org\/\">CCPAE<\/a>.<\/p>\n\n\n\n<p>Espanya \u00e9s el quart productor mundial d&#8217;aliments ecol\u00f2gics i el segon exportador de llegums. \ud83c\udf4b Tot i aix\u00ed, el consum de productes ecol\u00f2gics encara \u00e9s baix, situant-se a una compra mitjana de 46,60 euros (quan a pa\u00efsos con Su\u00efssa i Dinamarca) supera els 300 euros.<\/p>\n\n\n\n<p><a href=\"https:\/\/www.lavanguardia.com\/economia\/20210123\/6183889\/espana-biocultura-bio-agricultura-europa.html\">Llegeix m\u00e9s en l&#8217;article publicat per La Vanguardia<\/a> a la secci\u00f3 de sostenibilitat<\/p>\n\n\n\n<figure class=\"wp-block-image size-large\"><img loading=\"lazy\" decoding=\"async\" width=\"544\" height=\"967\" src=\"https:\/\/www.inderach.com\/wp-content\/uploads\/2021\/01\/Agricultura_01.png\" alt=\"\" class=\"wp-image-1248\" srcset=\"https:\/\/www.inderach.com\/wp-content\/uploads\/2021\/01\/Agricultura_01.png 544w, https:\/\/www.inderach.com\/wp-content\/uploads\/2021\/01\/Agricultura_01-169x300.png 169w\" sizes=\"auto, (max-width: 544px) 100vw, 544px\" \/><\/figure>\n\n\n\n<p><\/p>\n\n\n\n<p><\/p>\n","protected":false},"excerpt":{"rendered":"<p>La producci\u00f3 ecol\u00f2gica ha crescut un 10% anual i de forma sostinguda els \u00faltims anys. Cada vegada hi ha m\u00e9s consumidors conscienciats amb l&#8217;alimentaci\u00f3 i el consum de productes naturals i sostenibles.<\/p>\n","protected":false},"author":1,"featured_media":1294,"comment_status":"open","ping_status":"closed","sticky":false,"template":"","format":"standard","meta":{"_monsterinsights_skip_tracking":false,"_monsterinsights_sitenote_active":false,"_monsterinsights_sitenote_note":"","_monsterinsights_sitenote_category":0,"footnotes":""},"categories":[],"tags":[21,20,19],"class_list":["post-1246","post","type-post","status-publish","format-standard","has-post-thumbnail","hentry","tag-agricultura","tag-ecologia","tag-ecologic-llegums"],"_links":{"self":[{"href":"https:\/\/www.inderach.com\/cast\/wp-json\/wp\/v2\/posts\/1246","targetHints":{"allow":["GET"]}}],"collection":[{"href":"https:\/\/www.inderach.com\/cast\/wp-json\/wp\/v2\/posts"}],"about":[{"href":"https:\/\/www.inderach.com\/cast\/wp-json\/wp\/v2\/types\/post"}],"author":[{"embeddable":true,"href":"https:\/\/www.inderach.com\/cast\/wp-json\/wp\/v2\/users\/1"}],"replies":[{"embeddable":true,"href":"https:\/\/www.inderach.com\/cast\/wp-json\/wp\/v2\/comments?post=1246"}],"version-history":[{"count":2,"href":"https:\/\/www.inderach.com\/cast\/wp-json\/wp\/v2\/posts\/1246\/revisions"}],"predecessor-version":[{"id":1249,"href":"https:\/\/www.inderach.com\/cast\/wp-json\/wp\/v2\/posts\/1246\/revisions\/1249"}],"wp:featuredmedia":[{"embeddable":true,"href":"https:\/\/www.inderach.com\/cast\/wp-json\/wp\/v2\/media\/1294"}],"wp:attachment":[{"href":"https:\/\/www.inderach.com\/cast\/wp-json\/wp\/v2\/media?parent=1246"}],"wp:term":[{"taxonomy":"category","embeddable":true,"href":"https:\/\/www.inderach.com\/cast\/wp-json\/wp\/v2\/categories?post=1246"},{"taxonomy":"post_tag","embeddable":true,"href":"https:\/\/www.inderach.com\/cast\/wp-json\/wp\/v2\/tags?post=1246"}],"curies":[{"name":"wp","href":"https:\/\/api.w.org\/{rel}","templated":true}]}}